{"id":1563,"date":"2025-06-20T16:09:18","date_gmt":"2025-06-20T21:09:18","guid":{"rendered":"https:\/\/lavocera.com\/?p=1563"},"modified":"2025-11-16T01:46:48","modified_gmt":"2025-11-16T06:46:48","slug":"vinos-brima-gana-medalla-de-oro-en-los-premios-gourmet-ecuador-2025","status":"publish","type":"post","link":"https:\/\/lavocera.com\/index.php\/2025\/06\/20\/vinos-brima-gana-medalla-de-oro-en-los-premios-gourmet-ecuador-2025\/","title":{"rendered":"Vinos Brima gana Medalla de Oro en los Premios Gourmet Ecuador 2025"},"content":{"rendered":"\n<p><strong>Portoviejo, 7 de junio de 2025<\/strong> \u2013 Con gran orgullo manabita, <strong>Vinos y Licores BRIMA<\/strong>, emprendimiento originario del sector rural de <strong>Playa Prieta<\/strong> en el cant\u00f3n Portoviejo, obtuvo la <strong>Medalla de Oro<\/strong> en la categor\u00eda de <strong>Bebidas Alcoh\u00f3licas<\/strong> durante la gala de los <strong>Premios Gourmet Ecuador 2025<\/strong>, realizada el pasado <strong>6 de junio<\/strong> en la ciudad de <strong>Quito<\/strong>.<\/p>\n\n\n\n<p>El producto galardonado fue su <strong>vino de maracuy\u00e1<\/strong>, una bebida artesanal elaborada con fruta real cultivada en los f\u00e9rtiles campos de Manab\u00ed, que destac\u00f3 por su equilibrio, aroma natural y frescura en boca. El jurado reconoci\u00f3 el sabor aut\u00e9ntico de la fruta tropical, as\u00ed como el proceso cuidadoso con el que BRIMA transforma ingredientes locales en experiencias de calidad.<\/p>\n\n\n\n<p>El reconocimiento vino acompa\u00f1ado de un <strong>diploma oficial<\/strong> firmado por las principales autoridades del evento:<\/p>\n\n\n\n<ul class=\"wp-block-list\">\n<li><strong>Mar\u00eda Gortaire Cordovez<\/strong>, Directora General<\/li>\n\n\n\n<li><strong>Marco Ponce Hidalgo<\/strong>, Director de Log\u00edstica<\/li>\n\n\n\n<li><strong>Fabi\u00e1n Gorostiaga Roux<\/strong>, Director de Jueces<\/li>\n<\/ul>\n\n\n\n<p>Este premio representa un nuevo hito para la marca, que en los \u00faltimos a\u00f1os ha venido posicion\u00e1ndose como referente de productos manabitas en ferias nacionales e internacionales, gracias a su l\u00ednea de vinos frutales, licor de cacao, miel pura y m\u00e1s recientemente, chocolate negro 75% cacao.<\/p>\n\n\n\n<p><strong>Vinos Brima agradece profundamente a sus clientes, aliados y al equipo humano detr\u00e1s de cada botella, por permitir que los sabores de Manab\u00ed sigan dejando huella a nivel nacional.<\/strong><\/p>\n","protected":false},"excerpt":{"rendered":"<p>Portoviejo, 7 de junio de 2025 \u2013 Con gran orgullo manabita, Vinos y Licores BRIMA, emprendimiento originario del sector rural de Playa Prieta <\/p>\n","protected":false},"author":1,"featured_media":1564,"comment_status":"open","ping_status":"open","sticky":false,"template":"","format":"standard","meta":{"_vp_format_video_url":"","_vp_image_focal_point":[],"footnotes":""},"categories":[53,15],"tags":[105,107,106,108],"class_list":["post-1563","post","type-post","status-publish","format-standard","has-post-thumbnail","hentry","category-destacada","category-emprendedores","tag-vino","tag-vino-de-maracuya","tag-vino-frutal","tag-vinos-brima"],"featured_image_urls":{"full":["https:\/\/lavocera.com\/wp-content\/uploads\/2025\/06\/Imagen-de-WhatsApp-2025-06-19-a-las-11.59.58_89ac4f3c.jpg",1600,1131,false],"thumbnail":["https:\/\/lavocera.com\/wp-content\/uploads\/2025\/06\/Imagen-de-WhatsApp-2025-06-19-a-las-11.59.58_89ac4f3c-150x150.jpg",150,150,true],"medium":["https:\/\/lavocera.com\/wp-content\/uploads\/2025\/06\/Imagen-de-WhatsApp-2025-06-19-a-las-11.59.58_89ac4f3c-300x212.jpg",300,212,true],"medium_large":["https:\/\/lavocera.com\/wp-content\/uploads\/2025\/06\/Imagen-de-WhatsApp-2025-06-19-a-las-11.59.58_89ac4f3c-768x543.jpg",640,453,true],"large":["https:\/\/lavocera.com\/wp-content\/uploads\/2025\/06\/Imagen-de-WhatsApp-2025-06-19-a-las-11.59.58_89ac4f3c-1024x724.jpg",640,453,true],"1536x1536":["https:\/\/lavocera.com\/wp-content\/uploads\/2025\/06\/Imagen-de-WhatsApp-2025-06-19-a-las-11.59.58_89ac4f3c-1536x1086.jpg",1536,1086,true],"2048x2048":["https:\/\/lavocera.com\/wp-content\/uploads\/2025\/06\/Imagen-de-WhatsApp-2025-06-19-a-las-11.59.58_89ac4f3c.jpg",1600,1131,false],"vp_sm":["https:\/\/lavocera.com\/wp-content\/uploads\/2025\/06\/Imagen-de-WhatsApp-2025-06-19-a-las-11.59.58_89ac4f3c-500x353.jpg",500,353,true],"vp_md":["https:\/\/lavocera.com\/wp-content\/uploads\/2025\/06\/Imagen-de-WhatsApp-2025-06-19-a-las-11.59.58_89ac4f3c-800x566.jpg",800,566,true],"vp_lg":["https:\/\/lavocera.com\/wp-content\/uploads\/2025\/06\/Imagen-de-WhatsApp-2025-06-19-a-las-11.59.58_89ac4f3c-1280x905.jpg",1280,905,true],"vp_xl":["https:\/\/lavocera.com\/wp-content\/uploads\/2025\/06\/Imagen-de-WhatsApp-2025-06-19-a-las-11.59.58_89ac4f3c.jpg",1600,1131,false],"vp_sm_popup":["https:\/\/lavocera.com\/wp-content\/uploads\/2025\/06\/Imagen-de-WhatsApp-2025-06-19-a-las-11.59.58_89ac4f3c-500x353.jpg",500,353,true],"vp_md_popup":["https:\/\/lavocera.com\/wp-content\/uploads\/2025\/06\/Imagen-de-WhatsApp-2025-06-19-a-las-11.59.58_89ac4f3c-800x566.jpg",800,566,true],"vp_xl_popup":["https:\/\/lavocera.com\/wp-content\/uploads\/2025\/06\/Imagen-de-WhatsApp-2025-06-19-a-las-11.59.58_89ac4f3c.jpg",1600,1131,false],"jumla-slider-img":["https:\/\/lavocera.com\/wp-content\/uploads\/2025\/06\/Imagen-de-WhatsApp-2025-06-19-a-las-11.59.58_89ac4f3c-720x576.jpg",720,576,true],"jumla-normal-post":["https:\/\/lavocera.com\/wp-content\/uploads\/2025\/06\/Imagen-de-WhatsApp-2025-06-19-a-las-11.59.58_89ac4f3c-560x560.jpg",560,560,true]},"author_info":{"display_name":"Iv\u00e1n Tapia Viteri","author_link":"https:\/\/lavocera.com\/index.php\/author\/c-tapia-84\/"},"category_info":"<a href=\"https:\/\/lavocera.com\/index.php\/category\/destacada\/\" rel=\"category tag\">Destacada<\/a> <a href=\"https:\/\/lavocera.com\/index.php\/category\/reportajes\/emprendedores\/\" rel=\"category tag\">Emprendedores<\/a>","tag_info":"Emprendedores","comment_count":"0","_links":{"self":[{"href":"https:\/\/lavocera.com\/index.php\/wp-json\/wp\/v2\/posts\/1563","targetHints":{"allow":["GET"]}}],"collection":[{"href":"https:\/\/lavocera.com\/index.php\/wp-json\/wp\/v2\/posts"}],"about":[{"href":"https:\/\/lavocera.com\/index.php\/wp-json\/wp\/v2\/types\/post"}],"author":[{"embeddable":true,"href":"https:\/\/lavocera.com\/index.php\/wp-json\/wp\/v2\/users\/1"}],"replies":[{"embeddable":true,"href":"https:\/\/lavocera.com\/index.php\/wp-json\/wp\/v2\/comments?post=1563"}],"version-history":[{"count":1,"href":"https:\/\/lavocera.com\/index.php\/wp-json\/wp\/v2\/posts\/1563\/revisions"}],"predecessor-version":[{"id":1565,"href":"https:\/\/lavocera.com\/index.php\/wp-json\/wp\/v2\/posts\/1563\/revisions\/1565"}],"wp:featuredmedia":[{"embeddable":true,"href":"https:\/\/lavocera.com\/index.php\/wp-json\/wp\/v2\/media\/1564"}],"wp:attachment":[{"href":"https:\/\/lavocera.com\/index.php\/wp-json\/wp\/v2\/media?parent=1563"}],"wp:term":[{"taxonomy":"category","embeddable":true,"href":"https:\/\/lavocera.com\/index.php\/wp-json\/wp\/v2\/categories?post=1563"},{"taxonomy":"post_tag","embeddable":true,"href":"https:\/\/lavocera.com\/index.php\/wp-json\/wp\/v2\/tags?post=1563"}],"curies":[{"name":"wp","href":"https:\/\/api.w.org\/{rel}","templated":true}]}}