{"id":1580,"date":"2025-09-30T10:27:27","date_gmt":"2025-09-30T15:27:27","guid":{"rendered":"https:\/\/lavocera.com\/?p=1580"},"modified":"2025-11-16T01:53:52","modified_gmt":"2025-11-16T06:53:52","slug":"las-amapolas-del-ecuador-musica-tropical-hecha-con-pasion","status":"publish","type":"post","link":"https:\/\/lavocera.com\/index.php\/2025\/09\/30\/las-amapolas-del-ecuador-musica-tropical-hecha-con-pasion\/","title":{"rendered":"Las Amapolas del Ecuador: m\u00fasica tropical hecha con pasi\u00f3n"},"content":{"rendered":"\n<p>Conformada por <strong>Elizabeth Mendoza, Karolina Ramos, Franchesca \u00c1lvarez y Vielka Mera<\/strong>, la agrupaci\u00f3n femenina <em>Las Amapolas del Ecuador<\/em> se ha convertido en un referente de la m\u00fasica tropical en nuestro pa\u00eds. Su estilo abarca g\u00e9neros como la chicha, la cumbia, el merengue e incluso el reguet\u00f3n, llevando alegr\u00eda y energ\u00eda a cada escenario.<\/p>\n\n\n\n<p>En esta entrevista exclusiva con <em>La Vocera<\/em>, las integrantes nos cuentan sobre sus presentaciones, la interacci\u00f3n con el p\u00fablico, sus viajes y los videoclips que han compartido con sus seguidores.<\/p>\n\n\n\n<p>La entrevista incluye adem\u00e1s un divertido segmento de bloopers y un cierre inolvidable con las artistas cantando a capela.<\/p>\n\n\n\n<p>\ud83d\udc49 Mira el reportaje completo aqu\u00ed:<\/p>\n\n\n\n<figure class=\"wp-block-embed is-type-video is-provider-youtube wp-block-embed-youtube wp-embed-aspect-16-9 wp-has-aspect-ratio\"><div class=\"wp-block-embed__wrapper\">\n<iframe loading=\"lazy\" title=\"\ud83c\udf3a\ud83c\udfa4 Las Amapolas del Ecuador \u2013 Agrupaci\u00f3n Femenina, Entrevista exclusiva con La Vocera\" width=\"640\" height=\"360\" src=\"https:\/\/www.youtube.com\/embed\/w49ICWKUDt4?feature=oembed\" frameborder=\"0\" allow=\"accelerometer; autoplay; clipboard-write; encrypted-media; gyroscope; picture-in-picture; web-share\" referrerpolicy=\"strict-origin-when-cross-origin\" allowfullscreen><\/iframe>\n<\/div><\/figure>\n","protected":false},"excerpt":{"rendered":"<p>Conformada por Elizabeth Mendoza, Karolina Ramos, Franchesca \u00c1lvarez y Vielka Mera, la agrupaci\u00f3n femenina Las Amapolas del Ecuador se ha convertido en un <\/p>\n","protected":false},"author":1,"featured_media":1581,"comment_status":"open","ping_status":"open","sticky":false,"template":"","format":"standard","meta":{"_vp_format_video_url":"","_vp_image_focal_point":[],"footnotes":""},"categories":[53,37,34],"tags":[116,123,114,122,118,115,117,120,119,121],"class_list":["post-1580","post","type-post","status-publish","format-standard","has-post-thumbnail","hentry","category-destacada","category-entretenimiento","category-entrevistas","tag-agrupaciones-femeninas","tag-chicha","tag-cumbia-ecuatoriana","tag-entrevistas-la-vocera","tag-las-amapolas-del-ecuador","tag-merengue","tag-musica-ecuatoriana","tag-musica-tropical","tag-regueton-ecuatoriano","tag-talento-ecuatoriano"],"featured_image_urls":{"full":["https:\/\/lavocera.com\/wp-content\/uploads\/2025\/09\/post.png",1080,1350,false],"thumbnail":["https:\/\/lavocera.com\/wp-content\/uploads\/2025\/09\/post-150x150.png",150,150,true],"medium":["https:\/\/lavocera.com\/wp-content\/uploads\/2025\/09\/post-240x300.png",240,300,true],"medium_large":["https:\/\/lavocera.com\/wp-content\/uploads\/2025\/09\/post-768x960.png",640,800,true],"large":["https:\/\/lavocera.com\/wp-content\/uploads\/2025\/09\/post-819x1024.png",640,800,true],"1536x1536":["https:\/\/lavocera.com\/wp-content\/uploads\/2025\/09\/post.png",1080,1350,false],"2048x2048":["https:\/\/lavocera.com\/wp-content\/uploads\/2025\/09\/post.png",1080,1350,false],"vp_sm":["https:\/\/lavocera.com\/wp-content\/uploads\/2025\/09\/post-500x625.png",500,625,true],"vp_md":["https:\/\/lavocera.com\/wp-content\/uploads\/2025\/09\/post-800x1000.png",800,1000,true],"vp_lg":["https:\/\/lavocera.com\/wp-content\/uploads\/2025\/09\/post.png",1080,1350,false],"vp_xl":["https:\/\/lavocera.com\/wp-content\/uploads\/2025\/09\/post.png",1080,1350,false],"vp_sm_popup":["https:\/\/lavocera.com\/wp-content\/uploads\/2025\/09\/post-500x625.png",500,625,true],"vp_md_popup":["https:\/\/lavocera.com\/wp-content\/uploads\/2025\/09\/post-800x1000.png",800,1000,true],"vp_xl_popup":["https:\/\/lavocera.com\/wp-content\/uploads\/2025\/09\/post.png",1080,1350,false],"jumla-slider-img":["https:\/\/lavocera.com\/wp-content\/uploads\/2025\/09\/post-720x576.png",720,576,true],"jumla-normal-post":["https:\/\/lavocera.com\/wp-content\/uploads\/2025\/09\/post-560x560.png",560,560,true]},"author_info":{"display_name":"Iv\u00e1n Tapia Viteri","author_link":"https:\/\/lavocera.com\/index.php\/author\/c-tapia-84\/"},"category_info":"<a href=\"https:\/\/lavocera.com\/index.php\/category\/destacada\/\" rel=\"category tag\">Destacada<\/a> <a href=\"https:\/\/lavocera.com\/index.php\/category\/reportajes\/entretenimiento\/\" rel=\"category tag\">Entretenimiento<\/a> <a href=\"https:\/\/lavocera.com\/index.php\/category\/entrevistas\/\" rel=\"category tag\">Entrevistas<\/a>","tag_info":"Entrevistas","comment_count":"0","_links":{"self":[{"href":"https:\/\/lavocera.com\/index.php\/wp-json\/wp\/v2\/posts\/1580","targetHints":{"allow":["GET"]}}],"collection":[{"href":"https:\/\/lavocera.com\/index.php\/wp-json\/wp\/v2\/posts"}],"about":[{"href":"https:\/\/lavocera.com\/index.php\/wp-json\/wp\/v2\/types\/post"}],"author":[{"embeddable":true,"href":"https:\/\/lavocera.com\/index.php\/wp-json\/wp\/v2\/users\/1"}],"replies":[{"embeddable":true,"href":"https:\/\/lavocera.com\/index.php\/wp-json\/wp\/v2\/comments?post=1580"}],"version-history":[{"count":2,"href":"https:\/\/lavocera.com\/index.php\/wp-json\/wp\/v2\/posts\/1580\/revisions"}],"predecessor-version":[{"id":1584,"href":"https:\/\/lavocera.com\/index.php\/wp-json\/wp\/v2\/posts\/1580\/revisions\/1584"}],"wp:featuredmedia":[{"embeddable":true,"href":"https:\/\/lavocera.com\/index.php\/wp-json\/wp\/v2\/media\/1581"}],"wp:attachment":[{"href":"https:\/\/lavocera.com\/index.php\/wp-json\/wp\/v2\/media?parent=1580"}],"wp:term":[{"taxonomy":"category","embeddable":true,"href":"https:\/\/lavocera.com\/index.php\/wp-json\/wp\/v2\/categories?post=1580"},{"taxonomy":"post_tag","embeddable":true,"href":"https:\/\/lavocera.com\/index.php\/wp-json\/wp\/v2\/tags?post=1580"}],"curies":[{"name":"wp","href":"https:\/\/api.w.org\/{rel}","templated":true}]}}