{"id":1586,"date":"2025-10-19T19:00:00","date_gmt":"2025-10-20T00:00:00","guid":{"rendered":"https:\/\/lavocera.com\/?p=1586"},"modified":"2025-10-19T19:48:41","modified_gmt":"2025-10-20T00:48:41","slug":"erlinda-moreno-de-la-ingenieria-ambiental-al-arte-de-la-palabra","status":"publish","type":"post","link":"https:\/\/lavocera.com\/index.php\/2025\/10\/19\/erlinda-moreno-de-la-ingenieria-ambiental-al-arte-de-la-palabra\/","title":{"rendered":"Erlinda Moreno: de la ingenier\u00eda ambiental al arte de la palabra"},"content":{"rendered":"\n<p>En esta edici\u00f3n de <strong>La Vocera<\/strong>, conversamos con la <strong>Ing. Erlinda Moreno<\/strong>, una profesional que encontr\u00f3 en la escritura y la actuaci\u00f3n una nueva manera de expresar su visi\u00f3n del mundo.<\/p>\n\n\n\n<p>Erlinda, ingeniera ambiental de formaci\u00f3n, nos cuenta c\u00f3mo el amor por las letras la llev\u00f3 a escribir poes\u00eda y participar como actriz en producciones de televisi\u00f3n y contenidos digitales. Su historia es la de una mujer que decidi\u00f3 no limitarse a una sola faceta, sino explorar todas las formas en que pod\u00eda dejar huella.<\/p>\n\n\n\n<p>A lo largo de la entrevista, reflexiona sobre el poder de las palabras, el valor del arte en la vida cotidiana y el reto de equilibrar la raz\u00f3n cient\u00edfica con la sensibilidad art\u00edstica. Tambi\u00e9n comparte an\u00e9cdotas de su experiencia frente a las c\u00e1maras y nos revela lo que m\u00e1s la inspira al escribir.<\/p>\n\n\n\n<p>\ud83c\udfa5 <strong>Entrevista completa:<\/strong><br><\/p>\n\n\n\n<figure class=\"wp-block-embed is-type-video is-provider-youtube wp-block-embed-youtube wp-embed-aspect-16-9 wp-has-aspect-ratio\"><div class=\"wp-block-embed__wrapper\">\n<iframe loading=\"lazy\" title=\"Erlinda Moreno: de la ingenier\u00eda ambiental al arte de la palabra | Entrevista La Vocera\" width=\"640\" height=\"360\" src=\"https:\/\/www.youtube.com\/embed\/fATDRshF6v4?feature=oembed\" frameborder=\"0\" allow=\"accelerometer; autoplay; clipboard-write; encrypted-media; gyroscope; picture-in-picture; web-share\" referrerpolicy=\"strict-origin-when-cross-origin\" allowfullscreen><\/iframe>\n<\/div><\/figure>\n\n\n\n<p>La Ing. Erlinda Moreno nos recuerda que los sue\u00f1os no tienen fecha de caducidad y que siempre es posible reinventarse, sin importar el punto del camino en que uno se encuentre.<\/p>\n","protected":false},"excerpt":{"rendered":"<p>En esta edici\u00f3n de La Vocera, conversamos con la Ing. Erlinda Moreno, una profesional que encontr\u00f3 en la escritura y la actuaci\u00f3n una <\/p>\n","protected":false},"author":1,"featured_media":1587,"comment_status":"open","ping_status":"open","sticky":false,"template":"","format":"standard","meta":{"_vp_format_video_url":"","_vp_image_focal_point":[],"footnotes":""},"categories":[53,34],"tags":[],"class_list":["post-1586","post","type-post","status-publish","format-standard","has-post-thumbnail","hentry","category-destacada","category-entrevistas"],"featured_image_urls":{"full":["https:\/\/lavocera.com\/wp-content\/uploads\/post.png",1080,1350,false],"thumbnail":["https:\/\/lavocera.com\/wp-content\/uploads\/post-150x150.png",150,150,true],"medium":["https:\/\/lavocera.com\/wp-content\/uploads\/post-240x300.png",240,300,true],"medium_large":["https:\/\/lavocera.com\/wp-content\/uploads\/post-768x960.png",640,800,true],"large":["https:\/\/lavocera.com\/wp-content\/uploads\/post-819x1024.png",640,800,true],"1536x1536":["https:\/\/lavocera.com\/wp-content\/uploads\/post.png",1080,1350,false],"2048x2048":["https:\/\/lavocera.com\/wp-content\/uploads\/post.png",1080,1350,false],"vp_sm":["https:\/\/lavocera.com\/wp-content\/uploads\/post-500x625.png",500,625,true],"vp_md":["https:\/\/lavocera.com\/wp-content\/uploads\/post-800x1000.png",800,1000,true],"vp_lg":["https:\/\/lavocera.com\/wp-content\/uploads\/post.png",1080,1350,false],"vp_xl":["https:\/\/lavocera.com\/wp-content\/uploads\/post.png",1080,1350,false],"vp_sm_popup":["https:\/\/lavocera.com\/wp-content\/uploads\/post-500x625.png",500,625,true],"vp_md_popup":["https:\/\/lavocera.com\/wp-content\/uploads\/post-800x1000.png",800,1000,true],"vp_xl_popup":["https:\/\/lavocera.com\/wp-content\/uploads\/post.png",1080,1350,false],"jumla-slider-img":["https:\/\/lavocera.com\/wp-content\/uploads\/post-720x576.png",720,576,true],"jumla-normal-post":["https:\/\/lavocera.com\/wp-content\/uploads\/post-560x560.png",560,560,true]},"author_info":{"display_name":"Iv\u00e1n Tapia Viteri","author_link":"https:\/\/lavocera.com\/index.php\/author\/c-tapia-84\/"},"category_info":"<a href=\"https:\/\/lavocera.com\/index.php\/category\/destacada\/\" rel=\"category tag\">Destacada<\/a> <a href=\"https:\/\/lavocera.com\/index.php\/category\/entrevistas\/\" rel=\"category tag\">Entrevistas<\/a>","tag_info":"Entrevistas","comment_count":"0","_links":{"self":[{"href":"https:\/\/lavocera.com\/index.php\/wp-json\/wp\/v2\/posts\/1586","targetHints":{"allow":["GET"]}}],"collection":[{"href":"https:\/\/lavocera.com\/index.php\/wp-json\/wp\/v2\/posts"}],"about":[{"href":"https:\/\/lavocera.com\/index.php\/wp-json\/wp\/v2\/types\/post"}],"author":[{"embeddable":true,"href":"https:\/\/lavocera.com\/index.php\/wp-json\/wp\/v2\/users\/1"}],"replies":[{"embeddable":true,"href":"https:\/\/lavocera.com\/index.php\/wp-json\/wp\/v2\/comments?post=1586"}],"version-history":[{"count":4,"href":"https:\/\/lavocera.com\/index.php\/wp-json\/wp\/v2\/posts\/1586\/revisions"}],"predecessor-version":[{"id":1599,"href":"https:\/\/lavocera.com\/index.php\/wp-json\/wp\/v2\/posts\/1586\/revisions\/1599"}],"wp:featuredmedia":[{"embeddable":true,"href":"https:\/\/lavocera.com\/index.php\/wp-json\/wp\/v2\/media\/1587"}],"wp:attachment":[{"href":"https:\/\/lavocera.com\/index.php\/wp-json\/wp\/v2\/media?parent=1586"}],"wp:term":[{"taxonomy":"category","embeddable":true,"href":"https:\/\/lavocera.com\/index.php\/wp-json\/wp\/v2\/categories?post=1586"},{"taxonomy":"post_tag","embeddable":true,"href":"https:\/\/lavocera.com\/index.php\/wp-json\/wp\/v2\/tags?post=1586"}],"curies":[{"name":"wp","href":"https:\/\/api.w.org\/{rel}","templated":true}]}}